{"id":7,"date":"2020-05-15T19:53:33","date_gmt":"2020-05-15T19:53:33","guid":{"rendered":"http:\/\/levi\/blog\/?p=7"},"modified":"2020-08-19T03:52:45","modified_gmt":"2020-08-19T03:52:45","slug":"danos-y-perjuicios-por-obras-linderas","status":"publish","type":"post","link":"https:\/\/ricardolevi.com.ar\/blog\/2020\/05\/15\/danos-y-perjuicios-por-obras-linderas\/","title":{"rendered":"Da\u00f1os y perjuicios por obras linderas."},"content":{"rendered":"\n<p>La construcci\u00f3n de edificios, genera a menudo distintos conflictos con los vecinos linderos de las obras. Aqu\u00ed las preguntas m\u00e1s frecuentes que hemos recibido durante nuestro ejercicio profesional:<\/p>\n\n\n\n<p><strong>\u00bfQu\u00e9 da\u00f1os puede ocasionar una construcci\u00f3n lindera a mi inmueble?<\/strong><\/p>\n\n\n\n<p>Si bien los da\u00f1os que ocasiona una obra son generalmente menores, tales como humedades y\/o fisuras, la mala praxis en el \u00e1mbito de la construcci\u00f3n puede tambi\u00e9n ocasionar da\u00f1os importantes que van desde grietas, asentamientos y hasta derrumbes. Otro problema lo suelen ocasionar la ca\u00edda de elementos o materiales de obra, cuya peligrosidad aumenta con la altura de las construcciones.<\/p>\n\n\n\n<figure class=\"wp-block-gallery columns-1 is-cropped wp-block-gallery-1 is-layout-flex wp-block-gallery-is-layout-flex\"><ul class=\"blocks-gallery-grid\"><li class=\"blocks-gallery-item\"><figure><img loading=\"lazy\" decoding=\"async\" width=\"1024\" height=\"576\" src=\"https:\/\/ricardolevi.com.ar\/blog\/wp-content\/uploads\/2020\/05\/179381-OWJAJW-158-recortado-1024x576.jpg\" alt=\"\" data-id=\"56\" class=\"wp-image-56\" srcset=\"https:\/\/ricardolevi.com.ar\/blog\/wp-content\/uploads\/2020\/05\/179381-OWJAJW-158-recortado-1024x576.jpg 1024w, https:\/\/ricardolevi.com.ar\/blog\/wp-content\/uploads\/2020\/05\/179381-OWJAJW-158-recortado-300x169.jpg 300w, https:\/\/ricardolevi.com.ar\/blog\/wp-content\/uploads\/2020\/05\/179381-OWJAJW-158-recortado-768x432.jpg 768w, https:\/\/ricardolevi.com.ar\/blog\/wp-content\/uploads\/2020\/05\/179381-OWJAJW-158-recortado-1536x864.jpg 1536w, https:\/\/ricardolevi.com.ar\/blog\/wp-content\/uploads\/2020\/05\/179381-OWJAJW-158-recortado-2048x1152.jpg 2048w\" sizes=\"auto, (max-width: 767px) 89vw, (max-width: 1000px) 54vw, (max-width: 1071px) 543px, 580px\" \/><figcaption class=\"blocks-gallery-item__caption\">La construcci\u00f3n de edificios, genera a menudo distintos conflictos con los vecinos linderos de las obras.<\/figcaption><\/figure><\/li><\/ul><\/figure>\n\n\n\n<p><strong>\u00bfQu\u00e9 puedo hacer para cuidarme de los posibles da\u00f1os causados por una obra?&nbsp;<\/strong><\/p>\n\n\n\n<p>El \u00fanico ente autorizado para ejercer el control de las obras en construcci\u00f3n, es el Gobierno Municipal, y en al caso de la Ciudad Aut\u00f3noma de Buenos Aires el GCBA mediante la DGFYCO (Direcci\u00f3n general de fiscalizaci\u00f3n y control de obras). Si bien ning\u00fan vecino puede aconsejar ni dar directivas sobre c\u00f3mo una empresa y\/o Profesional debe manejar una obra, los vecinos pueden ejercer el control indirectamente a trav\u00e9s de los municipios y\/o GCBA, pidiendo inspecciones y\/o realizando las denuncias correspondientes, si entienden que la obra causa da\u00f1os debido a una mala ejecuci\u00f3n de tareas y\/o falta de instalaci\u00f3n de vallas protectoras reglamentarias.<\/p>\n\n\n\n<p><strong>\u00bfQu\u00e9 debo hacer si mi propiedad es da\u00f1ada por una obra?<\/strong><\/p>\n\n\n\n<p>En principio hay que evaluar la entidad del da\u00f1o, y para eso debe intervenir un Profesional competente. En el caso de da\u00f1os leves o menores en la propiedad deber\u00e1 exig\u00edrsele al director de la obra lindera, o al propietario de la misma, o a la Empresa que ejecuta la obra, que repare los mismos cuando en la obra lindera est\u00e9n dadas las garant\u00edas que el da\u00f1o no volver\u00e1 a producirse. En el caso de da\u00f1os Graves (grietas y\/o asentamientos) aconsejamos se realice la debida denuncia al Gobierno de la Ciudad y\/o Gobierno municipal para que tomen cartas en el asunto exigiendo las medidas necesarias para eliminar el da\u00f1os y\/o el riego de que se produzcan da\u00f1os mayores.<\/p>\n\n\n\n<p><strong>\u00bfCu\u00e1nto tiempo tengo para reclamar da\u00f1os y perjuicios producidos por una obra?<\/strong><\/p>\n\n\n\n<p>El plazo de prescripci\u00f3n del derecho al reclamo es de 3 a\u00f1os, contados desde el momento que se produce el da\u00f1o.<strong>&nbsp;&nbsp;&nbsp;<\/strong><\/p>\n\n\n\n<p><strong>\u00bfQui\u00e9n responde por los da\u00f1os ocasionados por una obra?<\/strong><\/p>\n\n\n\n<p>El Propietario de la obra, el \u201cDirector de obra\u201d y el Constructor de la obra \u00f3 \u201cEmpresa Constructora\u201d, responden solidariamente en el marco de un reclamo Civil, pero generalmente las obras cuentan con seguros de Da\u00f1os a terceros, que suelen cubrir estos siniestros.&nbsp;<\/p>\n\n\n\n<p><strong>\u00bfC\u00f3mo se encara un reclamo por \u201cda\u00f1os y perjuicios\u201d por da\u00f1os producidos por una obra?<\/strong><\/p>\n\n\n\n<p>Debe hacerse un detalle pormenorizado del da\u00f1o, mediante un informe t\u00e9cnico, y una entrevista para detallar los da\u00f1os colaterales (privaci\u00f3n de pleno uso del dominio, da\u00f1o moral, p\u00e9rdida de chance, etc,). De acuerdo a nuestra experiencia de m\u00e1s de 40 a\u00f1os en la especialidad, aconsejamos siempre la contrataci\u00f3n de un servicio integral que contemple el an\u00e1lisis t\u00e9cnico de la problem\u00e1tica y la acci\u00f3n legal a iniciarse. Dada la naturaleza del reclamo, es importaque se realice por Abogados que trabajen en equipo con Arquitectos.<\/p>\n\n\n\n<hr class=\"wp-block-separator\"\/>\n\n\n\n<p><em><span class=\"has-inline-color has-very-dark-gray-color\"><strong>Ricardo Levi &amp; Asociados &#8211; Arquitectura Jur\u00eddica<\/strong>, es una Empresa l\u00edder en el mercado que puede brindar el mejor servicio t\u00e9cnico &#8211; jur\u00eddico. Su Titular, el Arq. Ricardo Levi, &#8211; Mart. C.P.A.U 11987, tiene una trayectoria de 40 a\u00f1os en la especialidad de Medianer\u00eda, y desde hace 4 a\u00f1os es Profesor invitado para dictar Medianer\u00eda y Peritajes en la C\u00e1tedra de Legislaci\u00f3n de Obra, de la Arqta. Magdalena Eggers en la Facultad de Arquitectura de la Universidad&nbsp; Torcuato Di Tella.<\/span><\/em><\/p>\n","protected":false},"excerpt":{"rendered":"<p>La construcci\u00f3n de edificios, genera a menudo distintos conflictos con los vecinos linderos de las obras. Aqu\u00ed las preguntas m\u00e1s frecuentes que hemos recibido durante nuestro ejercicio profesional: \u00bfQu\u00e9 da\u00f1os puede ocasionar una construcci\u00f3n lindera a mi inmueble? Si bien los da\u00f1os que ocasiona una obra son generalmente menores, tales como humedades y\/o fisuras, la &hellip; <\/p>\n<p class=\"link-more\"><a href=\"https:\/\/ricardolevi.com.ar\/blog\/2020\/05\/15\/danos-y-perjuicios-por-obras-linderas\/\" class=\"more-link\">Continuar leyendo<span class=\"screen-reader-text\"> \u00abDa\u00f1os y perjuicios por obras linderas.\u00bb<\/span><\/a><\/p>\n","protected":false},"author":1,"featured_media":0,"comment_status":"open","ping_status":"open","sticky":false,"template":"","format":"standard","meta":{"footnotes":""},"categories":[33],"tags":[12,16,17,18,14,9,13,7,15,11],"class_list":["post-7","post","type-post","status-publish","format-standard","hentry","category-obras-linderas","tag-arquitectura-juridica-2","tag-construccion-linderas","tag-control-de-obras","tag-dano-por-obra","tag-danos-y-perjuicios","tag-estudio-de-arquitectura-legal","tag-estudio-juridico-2","tag-inspecciones-de-obras","tag-obras-linderas","tag-ricardo-levi"],"_links":{"self":[{"href":"https:\/\/ricardolevi.com.ar\/blog\/wp-json\/wp\/v2\/posts\/7","targetHints":{"allow":["GET"]}}],"collection":[{"href":"https:\/\/ricardolevi.com.ar\/blog\/wp-json\/wp\/v2\/posts"}],"about":[{"href":"https:\/\/ricardolevi.com.ar\/blog\/wp-json\/wp\/v2\/types\/post"}],"author":[{"embeddable":true,"href":"https:\/\/ricardolevi.com.ar\/blog\/wp-json\/wp\/v2\/users\/1"}],"replies":[{"embeddable":true,"href":"https:\/\/ricardolevi.com.ar\/blog\/wp-json\/wp\/v2\/comments?post=7"}],"version-history":[{"count":10,"href":"https:\/\/ricardolevi.com.ar\/blog\/wp-json\/wp\/v2\/posts\/7\/revisions"}],"predecessor-version":[{"id":103,"href":"https:\/\/ricardolevi.com.ar\/blog\/wp-json\/wp\/v2\/posts\/7\/revisions\/103"}],"wp:attachment":[{"href":"https:\/\/ricardolevi.com.ar\/blog\/wp-json\/wp\/v2\/media?parent=7"}],"wp:term":[{"taxonomy":"category","embeddable":true,"href":"https:\/\/ricardolevi.com.ar\/blog\/wp-json\/wp\/v2\/categories?post=7"},{"taxonomy":"post_tag","embeddable":true,"href":"https:\/\/ricardolevi.com.ar\/blog\/wp-json\/wp\/v2\/tags?post=7"}],"curies":[{"name":"wp","href":"https:\/\/api.w.org\/{rel}","templated":true}]}}